{"id":843,"date":"2013-08-05T16:24:00","date_gmt":"2013-08-05T16:24:00","guid":{"rendered":"http:\/\/quintalegre.com.mx\/blog\/?p=843"},"modified":"2013-08-05T16:35:09","modified_gmt":"2013-08-05T16:35:09","slug":"los-retos-del-cerebro-envejecido","status":"publish","type":"post","link":"http:\/\/quintalegre.com.mx\/blog\/los-retos-del-cerebro-envejecido\/","title":{"rendered":"Los retos del cerebro envejecido"},"content":{"rendered":"<p style=\"text-align: justify;\"><a href=\"http:\/\/quintalegre.com.mx\/blog\/wp-content\/uploads\/2013\/08\/cerebro-envejecido.png\"><img decoding=\"async\" loading=\"lazy\" class=\"aligncenter size-medium wp-image-844\" title=\"cerebro-envejecido\" src=\"http:\/\/quintalegre.com.mx\/blog\/wp-content\/uploads\/2013\/08\/cerebro-envejecido-300x162.png\" alt=\"cerebro-envejecido\" width=\"300\" height=\"162\" srcset=\"http:\/\/quintalegre.com.mx\/blog\/wp-content\/uploads\/2013\/08\/cerebro-envejecido-300x162.png 300w, http:\/\/quintalegre.com.mx\/blog\/wp-content\/uploads\/2013\/08\/cerebro-envejecido.png 555w\" sizes=\"(max-width: 300px) 100vw, 300px\" \/><\/a><\/p>\n<p style=\"text-align: justify;\">Aunque M\u00e9xico sigue siendo un pa\u00eds de j\u00f3venes, la tendencia irreversible al envejecimiento de la poblaci\u00f3n ya perfila grandes retos en materia de salud; en ese escenario destacan los trastornos mentales y neurol\u00f3gicos asociados con la edad avanzada, que generan altas tasas de discapacidad y dependencia.<\/p>\n<p style=\"text-align: justify;\"><span style=\"font-size: 1em; line-height: 1.5;\">Datos de la Encuesta Nacional de Salud y Nutrici\u00f3n (Ensanut) 2012 revelan que 35% de la poblaci\u00f3n mayor de 60 a\u00f1os (3.5 millones de ancianos) padece alg\u00fan s\u00edntoma de depresi\u00f3n; al menos 8% (unos 800 mil individuos) tiene alg\u00fan tipo de demencia y poco m\u00e1s de 7% sufre deterioro en su capacidad cognitiva, sin llegar a la p\u00e9rdida de raz\u00f3n.<\/span><\/p>\n<p style=\"text-align: justify;\">En el pa\u00eds hay 11.3 millones de adultos mayores, seg\u00fan cifras del Instituto Nacional de Geriatr\u00eda; pero el n\u00famero y la proporci\u00f3n de individuos de edad avanzada tiende a aumentar en relaci\u00f3n con otros grupos de edad, de modo que hacia el a\u00f1o 2050 se prev\u00e9 que habr\u00e1 unos 40 millones de ancianos (23% de la poblaci\u00f3n).<\/p>\n<p style=\"text-align: justify;\"><span style=\"font-size: 1em; line-height: 1.5;\">Esa transici\u00f3n demogr\u00e1fica aumentar\u00e1 los costos en t\u00e9rminos econ\u00f3micos y de salud para la atenci\u00f3n de los trastornos neuropsiqu\u00e1tricos mencionados (principalmente la depresi\u00f3n y las demencias), a los que hoy se atribuye casi 32% del total de a\u00f1os vividos con discapacidad a nivel mundial.<\/span><\/p>\n<p style=\"text-align: justify;\">Hoy 30% de los adultos mayores en M\u00e9xico presentan alg\u00fan grado de discapacidad y 5% son completamente dependientes, seg\u00fan la ENSANUT. Esta situaci\u00f3n obedece a que padecen alg\u00fan tipo de demencia, sobre todo Mal de Alzheimer, que es la m\u00e1s frecuente, seg\u00fan inform\u00f3 a la prensa el director del ING, el doctor Luis Miguel Guti\u00e9rrez Robledo.<br \/>\nEl mismo instituto establecer\u00e1 un laboratorio internacional asociado, en el cual trabajar\u00e1n cient\u00edficos nacionales y extranjeros en \u00e1reas como nutrici\u00f3n en adultos mayores, envejecimiento cerebral y desarrollo de nuevos modelos de atenci\u00f3n.<\/p>\n<p style=\"text-align: justify;\"><span style=\"font-size: 1em; line-height: 1.5;\"><strong>Para mayor informaci\u00f3n<\/strong><strong>:<\/strong><\/span><\/p>\n<p style=\"text-align: justify;\"><strong> http:\/\/www.eluniversal.com.mx\/cultura\/2013\/impreso\/los-retos-del-cerebro-envejecido-72311.html<\/strong><\/p>\n","protected":false},"excerpt":{"rendered":"<p>Aunque M\u00e9xico sigue siendo un pa\u00eds de j\u00f3venes, la tendencia irreversible al envejecimiento de la poblaci\u00f3n ya perfila grandes retos en materia de salud; en ese escenario destacan los trastornos mentales y neurol\u00f3gicos asociados con la edad avanzada, que generan altas tasas de discapacidad y dependencia. Datos de la Encuesta Nacional de Salud y Nutrici\u00f3n (Ensanut) 2012 revelan que 35% de la poblaci\u00f3n mayor de 60 a\u00f1os (3.5 millones de ancianos) padece alg\u00fan s\u00edntoma de depresi\u00f3n; al menos 8% (unos [&hellip;]<\/p>\n","protected":false},"author":2,"featured_media":0,"comment_status":"open","ping_status":"open","sticky":false,"template":"","format":"standard","meta":{"footnotes":""},"categories":[6],"tags":[218,217],"_links":{"self":[{"href":"http:\/\/quintalegre.com.mx\/blog\/wp-json\/wp\/v2\/posts\/843"}],"collection":[{"href":"http:\/\/quintalegre.com.mx\/blog\/wp-json\/wp\/v2\/posts"}],"about":[{"href":"http:\/\/quintalegre.com.mx\/blog\/wp-json\/wp\/v2\/types\/post"}],"author":[{"embeddable":true,"href":"http:\/\/quintalegre.com.mx\/blog\/wp-json\/wp\/v2\/users\/2"}],"replies":[{"embeddable":true,"href":"http:\/\/quintalegre.com.mx\/blog\/wp-json\/wp\/v2\/comments?post=843"}],"version-history":[{"count":0,"href":"http:\/\/quintalegre.com.mx\/blog\/wp-json\/wp\/v2\/posts\/843\/revisions"}],"wp:attachment":[{"href":"http:\/\/quintalegre.com.mx\/blog\/wp-json\/wp\/v2\/media?parent=843"}],"wp:term":[{"taxonomy":"category","embeddable":true,"href":"http:\/\/quintalegre.com.mx\/blog\/wp-json\/wp\/v2\/categories?post=843"},{"taxonomy":"post_tag","embeddable":true,"href":"http:\/\/quintalegre.com.mx\/blog\/wp-json\/wp\/v2\/tags?post=843"}],"curies":[{"name":"wp","href":"https:\/\/api.w.org\/{rel}","templated":true}]}}